{"id":102,"date":"2024-03-26T11:59:30","date_gmt":"2024-03-26T08:59:30","guid":{"rendered":"http:\/\/jeanmonnet.29mayis.edu.tr\/coaware\/?p=102"},"modified":"2024-03-26T11:59:32","modified_gmt":"2024-03-26T08:59:32","slug":"event-report-european-union-as-a-global-player-europe-day-event-2021","status":"publish","type":"post","link":"https:\/\/jeanmonnet.29mayis.edu.tr\/coaware\/event-report-european-union-as-a-global-player-europe-day-event-2021\/","title":{"rendered":"Event Report European Union as a Global Player, Europe Day Event 2021"},"content":{"rendered":"\n<p><em>JEAN MONNET CHAIR COAWARE \u2013 EXCLUSIVE ONLINE EVENT<\/em><\/p>\n\n\n\n<p><em>05 May 2021, Istanbul 29 May\u0131s University, Zoom Webinar<\/em><\/p>\n\n\n\n<p><strong>The European Union as a Global Player<\/strong><\/p>\n\n\n\n<p>The program mentioned as follows:<\/p>\n\n\n\n<p>Webinar on 5 May 2021, 11:00 to 16:00. (GMT +3, Istanbul time)<\/p>\n\n\n\n<p><strong>11:00 \u2013 12:15<\/strong><\/p>\n\n\n\n<p><strong>Welcome and introduction<\/strong><\/p>\n\n\n\n<ul class=\"wp-block-list\">\n<li>O\u011fuzhan Bar\u00e7\u0131n, Assistant to the Jean Monnet Chair, Istanbul 29 May\u0131s University<\/li>\n<\/ul>\n\n\n\n<p><strong>Opening remarks<\/strong><\/p>\n\n\n\n<ul class=\"wp-block-list\">\n<li>Dr. Mustafa Sinano\u011flu, Rector, Istanbul 29 May\u0131s University<\/li>\n\n\n\n<li>E. Dr. Ivana Zerec, Consul General of Croatia in Istanbul, Head of Istanbul Consular<\/li>\n<\/ul>\n\n\n\n<p>Corps (ICC)<\/p>\n\n\n\n<ul class=\"wp-block-list\">\n<li>Ayhan Zeytino\u011flu, President of Economic Development Foundation (IKV)<\/li>\n\n\n\n<li>Haydar Ali Y\u0131ld\u0131z, Mayor of Beyo\u011flu, Istanbul<\/li>\n\n\n\n<li>Dr. \u00d6zg\u00fcr \u00dcnal &#8211; Eri\u015f, Jean Monnet Chair, Istanbul 29 May\u0131s University<\/li>\n<\/ul>\n\n\n\n<p><strong>Session I:<\/strong><\/p>\n\n\n\n<p><strong>Keynote Speech<\/strong><\/p>\n\n\n\n<ul class=\"wp-block-list\">\n<li>Federica Mogherini, Rector, College of Europe; Former High Representative of the European Union for Foreign Affairs and Security Policy and Vice-President of the European Commission; Former Italy\u2019s Minister for Foreign Affairs and International Co-operation: Potential of the EU as a Global Actor<\/li>\n<\/ul>\n\n\n\n<p><strong>Speeches<\/strong><\/p>\n\n\n\n<ul class=\"wp-block-list\">\n<li>E. Ambassador Nikolaus Meyer \u2013 Landrut, Head of EU Delegation to Turkey: Turkey-EU Relations<\/li>\n\n\n\n<li>E. Ambassador Faruk Kaymakc\u0131, Deputy Minister of Turkish MFA and Director for EU Affairs: Potential of the EU as a Global Actor<\/li>\n<\/ul>\n\n\n\n<p><strong>12.15-12.40: Q&amp;A Session<\/strong><\/p>\n\n\n\n<p><strong>12.40-12.50 Break<\/strong><\/p>\n\n\n\n<p><strong>12.50-14.20: Session II<\/strong><\/p>\n\n\n\n<p><strong>Moderator:<\/strong>&nbsp;Prof. Dr. \u00d6zg\u00fcr \u00dcnal &#8211; Eri\u015f, Jean Monnet Chair, Istanbul 29 May\u0131s University<\/p>\n\n\n\n<ul class=\"wp-block-list\">\n<li>Dr. Emil Kirchner, Department of Government, University of Essex: The Changing Context of EU \u2013 China Relations<\/li>\n\n\n\n<li>Andreas List, Former Principal Administrator, EU External Action Service: Thinking about the post Corona EU<\/li>\n\n\n\n<li>Xavier Nuttin, Senior Associate and Advisory Board Member at European Institute for Asian Studies: In Search of an EU\u2019s Indo-pacific Strategy in a Changing World Order<\/li>\n<\/ul>\n\n\n\n<p><strong>14.20-14.30 Break<\/strong><\/p>\n\n\n\n<p><strong>14.30-16.00: Session III<\/strong><\/p>\n\n\n\n<p><strong>Moderator:<\/strong>&nbsp;Assoc. Prof. Dr. \u00c7i\u011fdem Nas, Secretary General of Economic Development Foundation<\/p>\n\n\n\n<ul class=\"wp-block-list\">\n<li>Katarzyna Marzec, Deputy Head of Unit, DG for Neighbourhood and Enlargement Negotiations, European Commission: Current Outlook for Turkey-EU Relations<\/li>\n\n\n\n<li>Amanda Paul, Senior Policy Analyst at European Policy Centre: EU and Its Neighbourhood: Prospects for Turkey-EU Co-operation<\/li>\n\n\n\n<li>Dr. Dimitrios Triantaphyllou, Department of International Relations, Director, Center for International and European Studies (CIES), Kadir Has University: Role of civil society in the future of the EU as a global actor<\/li>\n\n\n\n<li>Seda G\u00fcrkan, Lecturer in Political Science and European Studies at Universite libre de Bruxelles (ULB): EU\u2019s Global Role and its Normative Power<\/li>\n<\/ul>\n\n\n\n<p><strong>Closing remarks:<\/strong><\/p>\n\n\n\n<ul class=\"wp-block-list\">\n<li>Ivana Zerec, Consul General of Croatia in Istanbul and Head of Istanbul Consular Corps (ICC)<\/li>\n\n\n\n<li>Dr. \u00d6zg\u00fcr \u00dcnal &#8211; Eri\u015f, Jean Monnet Chair, \u0130stanbul 29 May\u0131s University<\/li>\n<\/ul>\n\n\n\n<p>The online conference with three sessions entitled \u201cThe European Union as a Global Player\u201d was held by Istanbul 29 May\u0131s University Jean Monnet Chair COAWARE in cooperation with Istanbul Consular Corps (ICC), Economic Development Foundation (IKV) and Beyo\u011flu Muncipality within the scope of 9th of May &#8211; Europe Day Activities, on 5 May 2021, numerous distinguished Turkish and Foreign academics &amp; bureaucrats came together, notably with the keynote address of HE Federica Mogherini former HRVP of the European Union and Rector of College of Europe; Deputy Minister of Turkish MFA and Director of EU Affairs HE Ambassador Faruk Kaymakc\u0131; Head of the EU Delegation to Turkey Ambassador Nikolaus Meyer-Landrut; Consul General of Croatia in Istanbul and Head of Istanbul Consular Corps (ICC) Dr. Ivana Zerec.<\/p>\n\n\n\n<p>The webinar has reflected upon the issue of the potential of the European Union as a Global Actor based on the views and experiences of the very distinguished speakers and discuss what the bureaucratic, institutional, political and other impediments to that role may be.<\/p>\n\n\n\n<p>At the event where EU\u2019s global position were discussed, it is stated that the EU will become stronger than ever before and it will transform itself into a key global playmaker with Turkey\u2019s participation.<\/p>\n\n\n\n<p>This event was visible all around Istanbul with the partnership of Beyo\u011flu Municipality.<\/p>\n\n\n\n<div class=\"container\">\n<div class=\"row\">\n<div class=\"col-6\"><img decoding=\"async\" class=\"w-100 mb-3\" src=\"https:\/\/filehost.29mayis.edu.tr\/upload\/2022\/12\/26\/1.jpg\" alt=\"\"><\/div>\n<div class=\"col-6\"><img decoding=\"async\" class=\"w-100 mb-3\" src=\"https:\/\/filehost.29mayis.edu.tr\/upload\/2022\/12\/26\/2.jpg\" alt=\"\"><\/div>\n<div class=\"col-6\"><img decoding=\"async\" class=\"w-100 mb-3\" src=\"https:\/\/filehost.29mayis.edu.tr\/upload\/2022\/12\/26\/3.jpg\" alt=\"\"><\/div>\n<div class=\"col-6\"><img decoding=\"async\" class=\"w-100 mb-3\" src=\"https:\/\/filehost.29mayis.edu.tr\/upload\/2022\/12\/26\/4.jpg\" alt=\"\"><\/div>\n<div class=\"col-6\"><img decoding=\"async\" class=\"w-100 mb-3\" src=\"https:\/\/filehost.29mayis.edu.tr\/upload\/2022\/12\/26\/5.jpg\" alt=\"\"><\/div>\n<\/div>\n<\/div>\n","protected":false},"excerpt":{"rendered":"<p>JEAN MONNET CHAIR COAWARE \u2013 EXCLUSIVE ONLINE EVENT 05 May 2021, Istanbul 29 May\u0131s University, Zoom Webinar The European Union as a Global Player The program mentioned as follows: Webinar on 5 May 2021, 11:00 to 16:00. (GMT +3, Istanbul time) 11:00 \u2013 12:15 Welcome and introduction Opening remarks Corps (ICC) Session I: Keynote Speech [&hellip;]<\/p>\n","protected":false},"author":1,"featured_media":103,"comment_status":"open","ping_status":"open","sticky":false,"template":"","format":"standard","meta":{"footnotes":""},"categories":[3],"tags":[],"class_list":["post-102","post","type-post","status-publish","format-standard","has-post-thumbnail","hentry","category-news"],"_links":{"self":[{"href":"https:\/\/jeanmonnet.29mayis.edu.tr\/coaware\/wp-json\/wp\/v2\/posts\/102","targetHints":{"allow":["GET"]}}],"collection":[{"href":"https:\/\/jeanmonnet.29mayis.edu.tr\/coaware\/wp-json\/wp\/v2\/posts"}],"about":[{"href":"https:\/\/jeanmonnet.29mayis.edu.tr\/coaware\/wp-json\/wp\/v2\/types\/post"}],"author":[{"embeddable":true,"href":"https:\/\/jeanmonnet.29mayis.edu.tr\/coaware\/wp-json\/wp\/v2\/users\/1"}],"replies":[{"embeddable":true,"href":"https:\/\/jeanmonnet.29mayis.edu.tr\/coaware\/wp-json\/wp\/v2\/comments?post=102"}],"version-history":[{"count":1,"href":"https:\/\/jeanmonnet.29mayis.edu.tr\/coaware\/wp-json\/wp\/v2\/posts\/102\/revisions"}],"predecessor-version":[{"id":104,"href":"https:\/\/jeanmonnet.29mayis.edu.tr\/coaware\/wp-json\/wp\/v2\/posts\/102\/revisions\/104"}],"wp:featuredmedia":[{"embeddable":true,"href":"https:\/\/jeanmonnet.29mayis.edu.tr\/coaware\/wp-json\/wp\/v2\/media\/103"}],"wp:attachment":[{"href":"https:\/\/jeanmonnet.29mayis.edu.tr\/coaware\/wp-json\/wp\/v2\/media?parent=102"}],"wp:term":[{"taxonomy":"category","embeddable":true,"href":"https:\/\/jeanmonnet.29mayis.edu.tr\/coaware\/wp-json\/wp\/v2\/categories?post=102"},{"taxonomy":"post_tag","embeddable":true,"href":"https:\/\/jeanmonnet.29mayis.edu.tr\/coaware\/wp-json\/wp\/v2\/tags?post=102"}],"curies":[{"name":"wp","href":"https:\/\/api.w.org\/{rel}","templated":true}]}}