{"id":105,"date":"2024-03-26T12:00:41","date_gmt":"2024-03-26T09:00:41","guid":{"rendered":"http:\/\/jeanmonnet.29mayis.edu.tr\/coaware\/?p=105"},"modified":"2024-03-26T12:00:42","modified_gmt":"2024-03-26T09:00:42","slug":"jean-monnet-professor-ozgur-unal-eriss-contribution-to-seta-foundations-web-panel","status":"publish","type":"post","link":"https:\/\/jeanmonnet.29mayis.edu.tr\/coaware\/jean-monnet-professor-ozgur-unal-eriss-contribution-to-seta-foundations-web-panel\/","title":{"rendered":"Jean Monnet Professor \u00d6zg\u00fcr \u00dcnal \u2013 Eri\u015f\u2019s contribution to SETA Foundation\u2019s Web-Panel"},"content":{"rendered":"\n<p>Jean Monnet Professor \u00d6zg\u00fcr \u00dcnal \u2013 Eri\u015f took a part of web-panel entitled \u201c70 Years of EU-Integration \u2013 EU Enlargement Policy towards T\u00fcrkiye\u201d, organized by SETA Brussels in the framework of Europe Day 2021 on 10 May 2021.<\/p>\n\n\n\n<p>During the web-panel the panelists discussed the topic of the European Integration and concentrated on the enlargement policy toward T\u00fcrkiye by stressing the questions like what concrete steps should be taken between T\u00fcrkiye and the EU, the expectation between each other. Furthermore, the panelists discussed the possible scenarios and possible obstacles when it comes to European Integration and the enlargement policy towards T\u00fcrkiye.<\/p>\n\n\n\n<p>YouTube recording is available here:\u00a0<a href=\"https:\/\/www.youtube.com\/watch?v=QIesAQWfAuk\" target=\"_blank\" rel=\"noreferrer noopener\">https:\/\/www.youtube.com\/watch?v=QIesAQWfAuk<\/a><\/p>\n\n\n\n<div class=\"container\">\n<div class=\"row\">\n<div class=\"col-6\"><img decoding=\"async\" class=\"w-100 mb-3\" src=\"https:\/\/filehost.29mayis.edu.tr\/upload\/2022\/12\/26\/img_20210511_161558_296.jpg\" alt=\"\"><\/div>\n<div class=\"col-6\"><img decoding=\"async\" class=\"w-100 mb-3\" src=\"https:\/\/filehost.29mayis.edu.tr\/upload\/2022\/12\/26\/img_20210510_131202_501.jpg\" alt=\"\"><\/div>\n<\/div>\n<\/div>\n","protected":false},"excerpt":{"rendered":"<p>Jean Monnet Professor \u00d6zg\u00fcr \u00dcnal \u2013 Eri\u015f took a part of web-panel entitled \u201c70 Years of EU-Integration \u2013 EU Enlargement Policy towards T\u00fcrkiye\u201d, organized by SETA Brussels in the framework of Europe Day 2021 on 10 May 2021. During the web-panel the panelists discussed the topic of the European Integration and concentrated on the enlargement [&hellip;]<\/p>\n","protected":false},"author":1,"featured_media":106,"comment_status":"open","ping_status":"open","sticky":false,"template":"","format":"standard","meta":{"footnotes":""},"categories":[3],"tags":[],"class_list":["post-105","post","type-post","status-publish","format-standard","has-post-thumbnail","hentry","category-news"],"_links":{"self":[{"href":"https:\/\/jeanmonnet.29mayis.edu.tr\/coaware\/wp-json\/wp\/v2\/posts\/105","targetHints":{"allow":["GET"]}}],"collection":[{"href":"https:\/\/jeanmonnet.29mayis.edu.tr\/coaware\/wp-json\/wp\/v2\/posts"}],"about":[{"href":"https:\/\/jeanmonnet.29mayis.edu.tr\/coaware\/wp-json\/wp\/v2\/types\/post"}],"author":[{"embeddable":true,"href":"https:\/\/jeanmonnet.29mayis.edu.tr\/coaware\/wp-json\/wp\/v2\/users\/1"}],"replies":[{"embeddable":true,"href":"https:\/\/jeanmonnet.29mayis.edu.tr\/coaware\/wp-json\/wp\/v2\/comments?post=105"}],"version-history":[{"count":1,"href":"https:\/\/jeanmonnet.29mayis.edu.tr\/coaware\/wp-json\/wp\/v2\/posts\/105\/revisions"}],"predecessor-version":[{"id":107,"href":"https:\/\/jeanmonnet.29mayis.edu.tr\/coaware\/wp-json\/wp\/v2\/posts\/105\/revisions\/107"}],"wp:featuredmedia":[{"embeddable":true,"href":"https:\/\/jeanmonnet.29mayis.edu.tr\/coaware\/wp-json\/wp\/v2\/media\/106"}],"wp:attachment":[{"href":"https:\/\/jeanmonnet.29mayis.edu.tr\/coaware\/wp-json\/wp\/v2\/media?parent=105"}],"wp:term":[{"taxonomy":"category","embeddable":true,"href":"https:\/\/jeanmonnet.29mayis.edu.tr\/coaware\/wp-json\/wp\/v2\/categories?post=105"},{"taxonomy":"post_tag","embeddable":true,"href":"https:\/\/jeanmonnet.29mayis.edu.tr\/coaware\/wp-json\/wp\/v2\/tags?post=105"}],"curies":[{"name":"wp","href":"https:\/\/api.w.org\/{rel}","templated":true}]}}