{"id":138,"date":"2024-03-26T12:19:16","date_gmt":"2024-03-26T09:19:16","guid":{"rendered":"http:\/\/jeanmonnet.29mayis.edu.tr\/coaware\/?p=138"},"modified":"2024-03-26T12:19:17","modified_gmt":"2024-03-26T09:19:17","slug":"jean-monnet-professor-ozgur-unal-eris-gave-a-talk-on-migration-at-the-conference-organized-by-istanbul-galata-university","status":"publish","type":"post","link":"https:\/\/jeanmonnet.29mayis.edu.tr\/coaware\/jean-monnet-professor-ozgur-unal-eris-gave-a-talk-on-migration-at-the-conference-organized-by-istanbul-galata-university\/","title":{"rendered":"Jean Monnet Professor \u00d6zg\u00fcr \u00dcnal \u2013 Eri\u015f gave a talk on migration at the conference organized by Istanbul Galata University"},"content":{"rendered":"\n<p>On 10 January 2022, Jean Monnet Professor \u00d6zg\u00fcr \u00dcnal-Eri\u015f gave a talk on migration at the conference organized by Istanbul Galata University in collaboration with New York City University entitled &#8220;International Conference on Society and Life&#8221; in which to exchange ideas on migration.\u00a0<\/p>\n\n\n\n<div class=\"container\">\n<div class=\"form-row\">\n<div class=\"col-6\"><img decoding=\"async\" class=\"w-100 mb-3\" src=\"https:\/\/filehost.29mayis.edu.tr\/upload\/2023\/01\/31\/20230129_140057.jpg\"><\/div>\n<div class=\"col-6\"><img decoding=\"async\" class=\"w-100 mb-3\" src=\"https:\/\/filehost.29mayis.edu.tr\/upload\/2023\/01\/31\/20230129_140058.jpg\"><\/div>\n<div class=\"col-6\"><img decoding=\"async\" class=\"w-100 mb-3\" src=\"https:\/\/filehost.29mayis.edu.tr\/upload\/2023\/01\/31\/20230129_140102.jpg\"><\/div>\n<div class=\"col-6\"><img decoding=\"async\" class=\"w-100 mb-3\" src=\"https:\/\/filehost.29mayis.edu.tr\/upload\/2023\/01\/31\/20230129_140100.jpg\"><\/div>\n<\/div>\n<\/div>\n","protected":false},"excerpt":{"rendered":"<p>On 10 January 2022, Jean Monnet Professor \u00d6zg\u00fcr \u00dcnal-Eri\u015f gave a talk on migration at the conference organized by Istanbul Galata University in collaboration with New York City University entitled &#8220;International Conference on Society and Life&#8221; in which to exchange ideas on migration.\u00a0<\/p>\n","protected":false},"author":1,"featured_media":139,"comment_status":"open","ping_status":"open","sticky":false,"template":"","format":"standard","meta":{"footnotes":""},"categories":[3],"tags":[],"class_list":["post-138","post","type-post","status-publish","format-standard","has-post-thumbnail","hentry","category-news"],"_links":{"self":[{"href":"https:\/\/jeanmonnet.29mayis.edu.tr\/coaware\/wp-json\/wp\/v2\/posts\/138","targetHints":{"allow":["GET"]}}],"collection":[{"href":"https:\/\/jeanmonnet.29mayis.edu.tr\/coaware\/wp-json\/wp\/v2\/posts"}],"about":[{"href":"https:\/\/jeanmonnet.29mayis.edu.tr\/coaware\/wp-json\/wp\/v2\/types\/post"}],"author":[{"embeddable":true,"href":"https:\/\/jeanmonnet.29mayis.edu.tr\/coaware\/wp-json\/wp\/v2\/users\/1"}],"replies":[{"embeddable":true,"href":"https:\/\/jeanmonnet.29mayis.edu.tr\/coaware\/wp-json\/wp\/v2\/comments?post=138"}],"version-history":[{"count":1,"href":"https:\/\/jeanmonnet.29mayis.edu.tr\/coaware\/wp-json\/wp\/v2\/posts\/138\/revisions"}],"predecessor-version":[{"id":140,"href":"https:\/\/jeanmonnet.29mayis.edu.tr\/coaware\/wp-json\/wp\/v2\/posts\/138\/revisions\/140"}],"wp:featuredmedia":[{"embeddable":true,"href":"https:\/\/jeanmonnet.29mayis.edu.tr\/coaware\/wp-json\/wp\/v2\/media\/139"}],"wp:attachment":[{"href":"https:\/\/jeanmonnet.29mayis.edu.tr\/coaware\/wp-json\/wp\/v2\/media?parent=138"}],"wp:term":[{"taxonomy":"category","embeddable":true,"href":"https:\/\/jeanmonnet.29mayis.edu.tr\/coaware\/wp-json\/wp\/v2\/categories?post=138"},{"taxonomy":"post_tag","embeddable":true,"href":"https:\/\/jeanmonnet.29mayis.edu.tr\/coaware\/wp-json\/wp\/v2\/tags?post=138"}],"curies":[{"name":"wp","href":"https:\/\/api.w.org\/{rel}","templated":true}]}}