{"id":93,"date":"2024-03-26T11:54:05","date_gmt":"2024-03-26T08:54:05","guid":{"rendered":"http:\/\/jeanmonnet.29mayis.edu.tr\/coaware\/?p=93"},"modified":"2024-03-26T11:54:06","modified_gmt":"2024-03-26T08:54:06","slug":"jean-monnet-professor-ozgur-unal-eris-published-a-piece-for-uik-panorama","status":"publish","type":"post","link":"https:\/\/jeanmonnet.29mayis.edu.tr\/coaware\/jean-monnet-professor-ozgur-unal-eris-published-a-piece-for-uik-panorama\/","title":{"rendered":"Jean Monnet Professor \u00d6zg\u00fcr \u00dcnal \u2013 Eri\u015f\u00a0Published a Piece for UIK Panorama"},"content":{"rendered":"\n<p>As a Jean Monnet Chairholder, Professor \u00d6zg\u00fcr \u00dcnal-Eri\u015f contributed Council of International Relations in T\u00fcrkiye \/ Uluslararas\u0131 \u0130li\u015fkiler Konseyi (U\u0130K)\u2019s blog U\u0130K Panorama with her piece \u201c14 March 2021 Election Analysis in Germany: Baden-W\u00fcrttemburg and Rheinland-Pfalz State Elections\u201d on 17 April 2021.<\/p>\n\n\n\n<p>The publication is available here:\u00a0<a href=\"https:\/\/www.uikpanorama.com\/blog\/2021\/04\/17\/14-mart-2021-baden-wurttemberg-ve-rheinland-pfalz-eyaletlerinin-secim-analizi\/\" target=\"_blank\" rel=\"noreferrer noopener\">https:\/\/www.uikpanorama.com\/blog\/2021\/04\/17\/14-mart-2021-baden-wurttemberg-ve-rheinland-pfalz-eyaletlerinin-secim-analizi\/<\/a><\/p>\n\n\n\n<p><\/p>\n","protected":false},"excerpt":{"rendered":"<p>As a Jean Monnet Chairholder, Professor \u00d6zg\u00fcr \u00dcnal-Eri\u015f contributed Council of International Relations in T\u00fcrkiye \/ Uluslararas\u0131 \u0130li\u015fkiler Konseyi (U\u0130K)\u2019s blog U\u0130K Panorama with her piece \u201c14 March 2021 Election Analysis in Germany: Baden-W\u00fcrttemburg and Rheinland-Pfalz State Elections\u201d on 17 April 2021. The publication is available here:\u00a0https:\/\/www.uikpanorama.com\/blog\/2021\/04\/17\/14-mart-2021-baden-wurttemberg-ve-rheinland-pfalz-eyaletlerinin-secim-analizi\/<\/p>\n","protected":false},"author":1,"featured_media":94,"comment_status":"open","ping_status":"open","sticky":false,"template":"","format":"standard","meta":{"footnotes":""},"categories":[3],"tags":[],"class_list":["post-93","post","type-post","status-publish","format-standard","has-post-thumbnail","hentry","category-news"],"_links":{"self":[{"href":"https:\/\/jeanmonnet.29mayis.edu.tr\/coaware\/wp-json\/wp\/v2\/posts\/93","targetHints":{"allow":["GET"]}}],"collection":[{"href":"https:\/\/jeanmonnet.29mayis.edu.tr\/coaware\/wp-json\/wp\/v2\/posts"}],"about":[{"href":"https:\/\/jeanmonnet.29mayis.edu.tr\/coaware\/wp-json\/wp\/v2\/types\/post"}],"author":[{"embeddable":true,"href":"https:\/\/jeanmonnet.29mayis.edu.tr\/coaware\/wp-json\/wp\/v2\/users\/1"}],"replies":[{"embeddable":true,"href":"https:\/\/jeanmonnet.29mayis.edu.tr\/coaware\/wp-json\/wp\/v2\/comments?post=93"}],"version-history":[{"count":1,"href":"https:\/\/jeanmonnet.29mayis.edu.tr\/coaware\/wp-json\/wp\/v2\/posts\/93\/revisions"}],"predecessor-version":[{"id":95,"href":"https:\/\/jeanmonnet.29mayis.edu.tr\/coaware\/wp-json\/wp\/v2\/posts\/93\/revisions\/95"}],"wp:featuredmedia":[{"embeddable":true,"href":"https:\/\/jeanmonnet.29mayis.edu.tr\/coaware\/wp-json\/wp\/v2\/media\/94"}],"wp:attachment":[{"href":"https:\/\/jeanmonnet.29mayis.edu.tr\/coaware\/wp-json\/wp\/v2\/media?parent=93"}],"wp:term":[{"taxonomy":"category","embeddable":true,"href":"https:\/\/jeanmonnet.29mayis.edu.tr\/coaware\/wp-json\/wp\/v2\/categories?post=93"},{"taxonomy":"post_tag","embeddable":true,"href":"https:\/\/jeanmonnet.29mayis.edu.tr\/coaware\/wp-json\/wp\/v2\/tags?post=93"}],"curies":[{"name":"wp","href":"https:\/\/api.w.org\/{rel}","templated":true}]}}